{"id":546,"date":"2016-07-16T02:20:15","date_gmt":"2016-07-16T00:20:15","guid":{"rendered":"http:\/\/www.philippeau.eu\/blog\/?p=546"},"modified":"2016-07-16T02:20:15","modified_gmt":"2016-07-16T00:20:15","slug":"nice-14-07-2016","status":"publish","type":"post","link":"https:\/\/www.philippeau.eu\/blog\/nice-14-07-2016\/","title":{"rendered":"Nice 14-07-2016"},"content":{"rendered":"<p style=\"text-align: justify;\">Avec Nice, une ville o\u00f9 j&rsquo;ai eu le plaisir de d\u00e9filer. C&rsquo;\u00e9tait le 23 f\u00e9vrier 2004 avec le bagad Men Glaz pour le carnaval.<\/p>\n<p><!--more--><\/p>\n<h2>Nice, je suis Choqu\u00e9 !<\/h2>\n<p style=\"text-align: justify;\">Cette fois m\u00eame les enfants ont \u00e9t\u00e9 touch\u00e9s. Je suis choqu\u00e9 par ce qui vient de se passer sur la Promenade des Anglais. Cette promenade repr\u00e9sentait jusque maintenant pour moi, la joie, le plaisir et la beaut\u00e9. Aujourd&rsquo;hui il y aura aussi dans ma m\u00e9moire, la tristesse, la peur et l&rsquo;horreur. Je pr\u00e9sente mes sinc\u00e8res condol\u00e9ances \u00e0 toutes les personnes touch\u00e9es. Pens\u00e9es pour les victimes physiques ou psychiques, je souhaites que le temps efface vos maux.<\/p>\n<figure style=\"width: 1337px\" class=\"wp-caption alignnone\"><a  href=\"https:\/\/scontent-fra3-1.xx.fbcdn.net\/t31.0-8\/13738138_10208098625176834_6911647571020245686_o.jpg\" data-rel=\"lightbox-gallery-0\" data-rl_title=\"\" data-rl_caption=\"\" title=\"\"><img loading=\"lazy\" decoding=\"async\" class=\"\" src=\"https:\/\/scontent-fra3-1.xx.fbcdn.net\/t31.0-8\/13738138_10208098625176834_6911647571020245686_o.jpg\" alt=\"Attentat Nice\" width=\"1337\" height=\"800\" \/><\/a><figcaption class=\"wp-caption-text\">Attentat Nice<\/figcaption><\/figure>\n<p style=\"text-align: justify;\">Pour chasser les images d&rsquo;horreur que j&rsquo;ai vu dans les m\u00e9dias depuis 24 heures, j&rsquo;ai trouv\u00e9 une belle galerie photos du Carnaval 2004 \u00ab\u00a0<a href=\"https:\/\/flic.kr\/s\/aHsku9SApY\" target=\"_blank\">Roi de la clonerie<\/a>\u00ab\u00a0. Je l&rsquo;int\u00e8gre ci-dessous car c&rsquo;est \u00e0 cela que je pr\u00e9f\u00e8re associer le nom de la ville de Nice. J&rsquo;esp\u00e8re que vous ne trouverez pas cela d\u00e9plac\u00e9.<\/p>\n<p><a title=\"2004, Nice, Carnaval CXX, Roi de la Clonerie\" href=\"https:\/\/www.flickr.com\/photos\/jhm0284\/albums\/72157664379150534\" target=\"_blank\" data-flickr-embed=\"true\" data-header=\"true\" data-footer=\"true\"><img loading=\"lazy\" decoding=\"async\" src=\"https:\/\/c7.staticflickr.com\/2\/1642\/26163006966_ae81287bdf_c.jpg\" alt=\"2004, Nice, Carnaval CXX, Roi de la Clonerie\" width=\"533\" height=\"800\" \/><\/a><script src=\"\/\/embedr.flickr.com\/assets\/client-code.js\" async=\"\" charset=\"utf-8\"><\/script><\/p>\n","protected":false},"excerpt":{"rendered":"<p>Avec Nice, une ville o\u00f9 j&rsquo;ai eu le plaisir de d\u00e9filer. C&rsquo;\u00e9tait le 23 f\u00e9vrier 2004 avec le bagad Men Glaz pour le carnaval.<\/p>\n","protected":false},"author":1,"featured_media":0,"comment_status":"open","ping_status":"closed","sticky":false,"template":"","format":"standard","meta":{"jetpack_post_was_ever_published":false,"_jetpack_newsletter_access":"","_jetpack_dont_email_post_to_subs":false,"_jetpack_newsletter_tier_id":0,"_jetpack_memberships_contains_paywalled_content":false,"_jetpack_memberships_contains_paid_content":false,"footnotes":""},"categories":[26],"tags":[136,137],"class_list":["post-546","post","type-post","status-publish","format-standard","hentry","category-societe","tag-attentat-nice","tag-nice"],"yoast_head":"<!-- This site is optimized with the Yoast SEO plugin v27.4 - https:\/\/yoast.com\/product\/yoast-seo-wordpress\/ -->\n<title>Nice 14-07-2016<\/title>\n<meta name=\"description\" content=\"Nice 14 juillet 2016, comme tous les fran\u00e7ais je suis tr\u00e8s choqu\u00e9 par ce qui est arriv\u00e9 apr\u00e8s le feu d&#039;artifice sur la Promenade des anglais\" \/>\n<meta name=\"robots\" content=\"index, follow, max-snippet:-1, max-image-preview:large, max-video-preview:-1\" \/>\n<link rel=\"canonical\" href=\"https:\/\/www.philippeau.eu\/blog\/nice-14-07-2016\/\" \/>\n<meta property=\"og:locale\" content=\"fr_FR\" \/>\n<meta property=\"og:type\" content=\"article\" \/>\n<meta property=\"og:title\" content=\"Nice 14-07-2016\" \/>\n<meta property=\"og:description\" content=\"Nice 14 juillet 2016, comme tous les fran\u00e7ais je suis tr\u00e8s choqu\u00e9 par ce qui est arriv\u00e9 apr\u00e8s le feu d&#039;artifice sur la Promenade des anglais\" \/>\n<meta property=\"og:url\" content=\"https:\/\/www.philippeau.eu\/blog\/nice-14-07-2016\/\" \/>\n<meta property=\"og:site_name\" content=\"philippeau.eu\" \/>\n<meta property=\"article:publisher\" content=\"https:\/\/www.facebook.com\/laurent.philippeau\" \/>\n<meta property=\"article:author\" content=\"https:\/\/www.facebook.com\/laurent.philippeau\" \/>\n<meta property=\"article:published_time\" content=\"2016-07-16T00:20:15+00:00\" \/>\n<meta property=\"og:image\" content=\"https:\/\/scontent-fra3-1.xx.fbcdn.net\/t31.0-8\/13738138_10208098625176834_6911647571020245686_o.jpg\" \/>\n<meta name=\"author\" content=\"Laurent\" \/>\n<meta name=\"twitter:card\" content=\"summary_large_image\" \/>\n<meta name=\"twitter:label1\" content=\"\u00c9crit par\" \/>\n\t<meta name=\"twitter:data1\" content=\"Laurent\" \/>\n\t<meta name=\"twitter:label2\" content=\"Dur\u00e9e de lecture estim\u00e9e\" \/>\n\t<meta name=\"twitter:data2\" content=\"1 minute\" \/>\n<script type=\"application\/ld+json\" class=\"yoast-schema-graph\">{\"@context\":\"https:\\\/\\\/schema.org\",\"@graph\":[{\"@type\":\"Article\",\"@id\":\"https:\\\/\\\/www.philippeau.eu\\\/blog\\\/nice-14-07-2016\\\/#article\",\"isPartOf\":{\"@id\":\"https:\\\/\\\/www.philippeau.eu\\\/blog\\\/nice-14-07-2016\\\/\"},\"author\":{\"name\":\"Laurent\",\"@id\":\"https:\\\/\\\/www.philippeau.eu\\\/blog\\\/#\\\/schema\\\/person\\\/d0321ac69485a2fa34a86270145a4038\"},\"headline\":\"Nice 14-07-2016\",\"datePublished\":\"2016-07-16T00:20:15+00:00\",\"mainEntityOfPage\":{\"@id\":\"https:\\\/\\\/www.philippeau.eu\\\/blog\\\/nice-14-07-2016\\\/\"},\"wordCount\":189,\"commentCount\":0,\"publisher\":{\"@id\":\"https:\\\/\\\/www.philippeau.eu\\\/blog\\\/#\\\/schema\\\/person\\\/d0321ac69485a2fa34a86270145a4038\"},\"image\":{\"@id\":\"https:\\\/\\\/www.philippeau.eu\\\/blog\\\/nice-14-07-2016\\\/#primaryimage\"},\"thumbnailUrl\":\"https:\\\/\\\/scontent-fra3-1.xx.fbcdn.net\\\/t31.0-8\\\/13738138_10208098625176834_6911647571020245686_o.jpg\",\"keywords\":[\"Attentat Nice\",\"Nice\"],\"articleSection\":[\"Soci\u00e9t\u00e9\"],\"inLanguage\":\"fr-FR\",\"potentialAction\":[{\"@type\":\"CommentAction\",\"name\":\"Comment\",\"target\":[\"https:\\\/\\\/www.philippeau.eu\\\/blog\\\/nice-14-07-2016\\\/#respond\"]}]},{\"@type\":\"WebPage\",\"@id\":\"https:\\\/\\\/www.philippeau.eu\\\/blog\\\/nice-14-07-2016\\\/\",\"url\":\"https:\\\/\\\/www.philippeau.eu\\\/blog\\\/nice-14-07-2016\\\/\",\"name\":\"Nice 14-07-2016\",\"isPartOf\":{\"@id\":\"https:\\\/\\\/www.philippeau.eu\\\/blog\\\/#website\"},\"primaryImageOfPage\":{\"@id\":\"https:\\\/\\\/www.philippeau.eu\\\/blog\\\/nice-14-07-2016\\\/#primaryimage\"},\"image\":{\"@id\":\"https:\\\/\\\/www.philippeau.eu\\\/blog\\\/nice-14-07-2016\\\/#primaryimage\"},\"thumbnailUrl\":\"https:\\\/\\\/scontent-fra3-1.xx.fbcdn.net\\\/t31.0-8\\\/13738138_10208098625176834_6911647571020245686_o.jpg\",\"datePublished\":\"2016-07-16T00:20:15+00:00\",\"description\":\"Nice 14 juillet 2016, comme tous les fran\u00e7ais je suis tr\u00e8s choqu\u00e9 par ce qui est arriv\u00e9 apr\u00e8s le feu d'artifice sur la Promenade des anglais\",\"breadcrumb\":{\"@id\":\"https:\\\/\\\/www.philippeau.eu\\\/blog\\\/nice-14-07-2016\\\/#breadcrumb\"},\"inLanguage\":\"fr-FR\",\"potentialAction\":[{\"@type\":\"ReadAction\",\"target\":[\"https:\\\/\\\/www.philippeau.eu\\\/blog\\\/nice-14-07-2016\\\/\"]}]},{\"@type\":\"ImageObject\",\"inLanguage\":\"fr-FR\",\"@id\":\"https:\\\/\\\/www.philippeau.eu\\\/blog\\\/nice-14-07-2016\\\/#primaryimage\",\"url\":\"https:\\\/\\\/scontent-fra3-1.xx.fbcdn.net\\\/t31.0-8\\\/13738138_10208098625176834_6911647571020245686_o.jpg\",\"contentUrl\":\"https:\\\/\\\/scontent-fra3-1.xx.fbcdn.net\\\/t31.0-8\\\/13738138_10208098625176834_6911647571020245686_o.jpg\"},{\"@type\":\"BreadcrumbList\",\"@id\":\"https:\\\/\\\/www.philippeau.eu\\\/blog\\\/nice-14-07-2016\\\/#breadcrumb\",\"itemListElement\":[{\"@type\":\"ListItem\",\"position\":1,\"name\":\"Accueil\",\"item\":\"https:\\\/\\\/www.philippeau.eu\\\/blog\\\/\"},{\"@type\":\"ListItem\",\"position\":2,\"name\":\"Nice 14-07-2016\"}]},{\"@type\":\"WebSite\",\"@id\":\"https:\\\/\\\/www.philippeau.eu\\\/blog\\\/#website\",\"url\":\"https:\\\/\\\/www.philippeau.eu\\\/blog\\\/\",\"name\":\"philippeau.eu\",\"description\":\"\",\"publisher\":{\"@id\":\"https:\\\/\\\/www.philippeau.eu\\\/blog\\\/#\\\/schema\\\/person\\\/d0321ac69485a2fa34a86270145a4038\"},\"potentialAction\":[{\"@type\":\"SearchAction\",\"target\":{\"@type\":\"EntryPoint\",\"urlTemplate\":\"https:\\\/\\\/www.philippeau.eu\\\/blog\\\/?s={search_term_string}\"},\"query-input\":{\"@type\":\"PropertyValueSpecification\",\"valueRequired\":true,\"valueName\":\"search_term_string\"}}],\"inLanguage\":\"fr-FR\"},{\"@type\":[\"Person\",\"Organization\"],\"@id\":\"https:\\\/\\\/www.philippeau.eu\\\/blog\\\/#\\\/schema\\\/person\\\/d0321ac69485a2fa34a86270145a4038\",\"name\":\"Laurent\",\"image\":{\"@type\":\"ImageObject\",\"inLanguage\":\"fr-FR\",\"@id\":\"https:\\\/\\\/www.philippeau.eu\\\/blog\\\/wp-content\\\/uploads\\\/2020\\\/11\\\/cropped-PL_logo_initiales_img.png\",\"url\":\"https:\\\/\\\/www.philippeau.eu\\\/blog\\\/wp-content\\\/uploads\\\/2020\\\/11\\\/cropped-PL_logo_initiales_img.png\",\"contentUrl\":\"https:\\\/\\\/www.philippeau.eu\\\/blog\\\/wp-content\\\/uploads\\\/2020\\\/11\\\/cropped-PL_logo_initiales_img.png\",\"width\":512,\"height\":512,\"caption\":\"Laurent\"},\"logo\":{\"@id\":\"https:\\\/\\\/www.philippeau.eu\\\/blog\\\/wp-content\\\/uploads\\\/2020\\\/11\\\/cropped-PL_logo_initiales_img.png\"},\"description\":\"Propri\u00e9taire et webmaster du site www.philippeau.eu\",\"sameAs\":[\"https:\\\/\\\/www.philippeau.eu\",\"https:\\\/\\\/www.facebook.com\\\/laurent.philippeau\",\"https:\\\/\\\/www.youtube.com\\\/channel\\\/UCgwFBEt9Dv03TyDiBPNGL-Q\"],\"url\":\"https:\\\/\\\/www.philippeau.eu\\\/blog\\\/author\\\/webmasterphilippeau\\\/\"}]}<\/script>\n<!-- \/ Yoast SEO plugin. -->","yoast_head_json":{"title":"Nice 14-07-2016","description":"Nice 14 juillet 2016, comme tous les fran\u00e7ais je suis tr\u00e8s choqu\u00e9 par ce qui est arriv\u00e9 apr\u00e8s le feu d'artifice sur la Promenade des anglais","robots":{"index":"index","follow":"follow","max-snippet":"max-snippet:-1","max-image-preview":"max-image-preview:large","max-video-preview":"max-video-preview:-1"},"canonical":"https:\/\/www.philippeau.eu\/blog\/nice-14-07-2016\/","og_locale":"fr_FR","og_type":"article","og_title":"Nice 14-07-2016","og_description":"Nice 14 juillet 2016, comme tous les fran\u00e7ais je suis tr\u00e8s choqu\u00e9 par ce qui est arriv\u00e9 apr\u00e8s le feu d'artifice sur la Promenade des anglais","og_url":"https:\/\/www.philippeau.eu\/blog\/nice-14-07-2016\/","og_site_name":"philippeau.eu","article_publisher":"https:\/\/www.facebook.com\/laurent.philippeau","article_author":"https:\/\/www.facebook.com\/laurent.philippeau","article_published_time":"2016-07-16T00:20:15+00:00","og_image":[{"url":"https:\/\/scontent-fra3-1.xx.fbcdn.net\/t31.0-8\/13738138_10208098625176834_6911647571020245686_o.jpg","type":"","width":"","height":""}],"author":"Laurent","twitter_card":"summary_large_image","twitter_misc":{"\u00c9crit par":"Laurent","Dur\u00e9e de lecture estim\u00e9e":"1 minute"},"schema":{"@context":"https:\/\/schema.org","@graph":[{"@type":"Article","@id":"https:\/\/www.philippeau.eu\/blog\/nice-14-07-2016\/#article","isPartOf":{"@id":"https:\/\/www.philippeau.eu\/blog\/nice-14-07-2016\/"},"author":{"name":"Laurent","@id":"https:\/\/www.philippeau.eu\/blog\/#\/schema\/person\/d0321ac69485a2fa34a86270145a4038"},"headline":"Nice 14-07-2016","datePublished":"2016-07-16T00:20:15+00:00","mainEntityOfPage":{"@id":"https:\/\/www.philippeau.eu\/blog\/nice-14-07-2016\/"},"wordCount":189,"commentCount":0,"publisher":{"@id":"https:\/\/www.philippeau.eu\/blog\/#\/schema\/person\/d0321ac69485a2fa34a86270145a4038"},"image":{"@id":"https:\/\/www.philippeau.eu\/blog\/nice-14-07-2016\/#primaryimage"},"thumbnailUrl":"https:\/\/scontent-fra3-1.xx.fbcdn.net\/t31.0-8\/13738138_10208098625176834_6911647571020245686_o.jpg","keywords":["Attentat Nice","Nice"],"articleSection":["Soci\u00e9t\u00e9"],"inLanguage":"fr-FR","potentialAction":[{"@type":"CommentAction","name":"Comment","target":["https:\/\/www.philippeau.eu\/blog\/nice-14-07-2016\/#respond"]}]},{"@type":"WebPage","@id":"https:\/\/www.philippeau.eu\/blog\/nice-14-07-2016\/","url":"https:\/\/www.philippeau.eu\/blog\/nice-14-07-2016\/","name":"Nice 14-07-2016","isPartOf":{"@id":"https:\/\/www.philippeau.eu\/blog\/#website"},"primaryImageOfPage":{"@id":"https:\/\/www.philippeau.eu\/blog\/nice-14-07-2016\/#primaryimage"},"image":{"@id":"https:\/\/www.philippeau.eu\/blog\/nice-14-07-2016\/#primaryimage"},"thumbnailUrl":"https:\/\/scontent-fra3-1.xx.fbcdn.net\/t31.0-8\/13738138_10208098625176834_6911647571020245686_o.jpg","datePublished":"2016-07-16T00:20:15+00:00","description":"Nice 14 juillet 2016, comme tous les fran\u00e7ais je suis tr\u00e8s choqu\u00e9 par ce qui est arriv\u00e9 apr\u00e8s le feu d'artifice sur la Promenade des anglais","breadcrumb":{"@id":"https:\/\/www.philippeau.eu\/blog\/nice-14-07-2016\/#breadcrumb"},"inLanguage":"fr-FR","potentialAction":[{"@type":"ReadAction","target":["https:\/\/www.philippeau.eu\/blog\/nice-14-07-2016\/"]}]},{"@type":"ImageObject","inLanguage":"fr-FR","@id":"https:\/\/www.philippeau.eu\/blog\/nice-14-07-2016\/#primaryimage","url":"https:\/\/scontent-fra3-1.xx.fbcdn.net\/t31.0-8\/13738138_10208098625176834_6911647571020245686_o.jpg","contentUrl":"https:\/\/scontent-fra3-1.xx.fbcdn.net\/t31.0-8\/13738138_10208098625176834_6911647571020245686_o.jpg"},{"@type":"BreadcrumbList","@id":"https:\/\/www.philippeau.eu\/blog\/nice-14-07-2016\/#breadcrumb","itemListElement":[{"@type":"ListItem","position":1,"name":"Accueil","item":"https:\/\/www.philippeau.eu\/blog\/"},{"@type":"ListItem","position":2,"name":"Nice 14-07-2016"}]},{"@type":"WebSite","@id":"https:\/\/www.philippeau.eu\/blog\/#website","url":"https:\/\/www.philippeau.eu\/blog\/","name":"philippeau.eu","description":"","publisher":{"@id":"https:\/\/www.philippeau.eu\/blog\/#\/schema\/person\/d0321ac69485a2fa34a86270145a4038"},"potentialAction":[{"@type":"SearchAction","target":{"@type":"EntryPoint","urlTemplate":"https:\/\/www.philippeau.eu\/blog\/?s={search_term_string}"},"query-input":{"@type":"PropertyValueSpecification","valueRequired":true,"valueName":"search_term_string"}}],"inLanguage":"fr-FR"},{"@type":["Person","Organization"],"@id":"https:\/\/www.philippeau.eu\/blog\/#\/schema\/person\/d0321ac69485a2fa34a86270145a4038","name":"Laurent","image":{"@type":"ImageObject","inLanguage":"fr-FR","@id":"https:\/\/www.philippeau.eu\/blog\/wp-content\/uploads\/2020\/11\/cropped-PL_logo_initiales_img.png","url":"https:\/\/www.philippeau.eu\/blog\/wp-content\/uploads\/2020\/11\/cropped-PL_logo_initiales_img.png","contentUrl":"https:\/\/www.philippeau.eu\/blog\/wp-content\/uploads\/2020\/11\/cropped-PL_logo_initiales_img.png","width":512,"height":512,"caption":"Laurent"},"logo":{"@id":"https:\/\/www.philippeau.eu\/blog\/wp-content\/uploads\/2020\/11\/cropped-PL_logo_initiales_img.png"},"description":"Propri\u00e9taire et webmaster du site www.philippeau.eu","sameAs":["https:\/\/www.philippeau.eu","https:\/\/www.facebook.com\/laurent.philippeau","https:\/\/www.youtube.com\/channel\/UCgwFBEt9Dv03TyDiBPNGL-Q"],"url":"https:\/\/www.philippeau.eu\/blog\/author\/webmasterphilippeau\/"}]}},"jetpack_featured_media_url":"","jetpack_likes_enabled":true,"jetpack_sharing_enabled":true,"_links":{"self":[{"href":"https:\/\/www.philippeau.eu\/blog\/wp-json\/wp\/v2\/posts\/546","targetHints":{"allow":["GET"]}}],"collection":[{"href":"https:\/\/www.philippeau.eu\/blog\/wp-json\/wp\/v2\/posts"}],"about":[{"href":"https:\/\/www.philippeau.eu\/blog\/wp-json\/wp\/v2\/types\/post"}],"author":[{"embeddable":true,"href":"https:\/\/www.philippeau.eu\/blog\/wp-json\/wp\/v2\/users\/1"}],"replies":[{"embeddable":true,"href":"https:\/\/www.philippeau.eu\/blog\/wp-json\/wp\/v2\/comments?post=546"}],"version-history":[{"count":4,"href":"https:\/\/www.philippeau.eu\/blog\/wp-json\/wp\/v2\/posts\/546\/revisions"}],"predecessor-version":[{"id":550,"href":"https:\/\/www.philippeau.eu\/blog\/wp-json\/wp\/v2\/posts\/546\/revisions\/550"}],"wp:attachment":[{"href":"https:\/\/www.philippeau.eu\/blog\/wp-json\/wp\/v2\/media?parent=546"}],"wp:term":[{"taxonomy":"category","embeddable":true,"href":"https:\/\/www.philippeau.eu\/blog\/wp-json\/wp\/v2\/categories?post=546"},{"taxonomy":"post_tag","embeddable":true,"href":"https:\/\/www.philippeau.eu\/blog\/wp-json\/wp\/v2\/tags?post=546"}],"curies":[{"name":"wp","href":"https:\/\/api.w.org\/{rel}","templated":true}]}}