{"id":16958,"date":"2018-07-21T03:01:44","date_gmt":"2018-07-21T02:01:44","guid":{"rendered":"http:\/\/www.philippeau.eu\/blog\/?p=16958"},"modified":"2018-07-21T03:09:15","modified_gmt":"2018-07-21T02:09:15","slug":"21e-patch-qutenza","status":"publish","type":"post","link":"https:\/\/www.philippeau.eu\/blog\/21e-patch-qutenza\/","title":{"rendered":"21e patch Qutenza"},"content":{"rendered":"<h2>21e patch Qutenza<\/h2>\n<p>Hier jeudi 19 juillet 2018, j&rsquo;ai eu droit \u00e0 l&rsquo;application de mon 21e patch Qutenza. <!--more-->Je ne vous donne plus beaucoup de nouvelles depuis que je suis sorti des 5 ann\u00e9es de suivi apr\u00e8s traitements. Je dois avouer que je pr\u00e9f\u00e8re nettement ne plus avoir grand chose \u00e0 vous raconter sur ma sant\u00e9. Il ne faut pas croire pour autant que je n&rsquo;ai plus rien \u00e0 dire \u00e0 propos du cancer du poumon, des s\u00e9quelles et autres probl\u00e8mes que l&rsquo;on doit affronter dans notre vie apr\u00e8s cancer.<\/p>\n<figure id=\"attachment_17002\" aria-describedby=\"caption-attachment-17002\" style=\"width: 225px\" class=\"wp-caption alignleft\"><a  href=\"http:\/\/www.philippeau.eu\/blog\/wp-content\/uploads\/2018\/07\/Qutenza-21.jpg\" data-rel=\"lightbox-gallery-0\" data-rl_title=\"21e patch Qutenza\" data-rl_caption=\"21e patch Qutenza\"><img loading=\"lazy\" decoding=\"async\" data-attachment-id=\"17002\" data-permalink=\"https:\/\/www.philippeau.eu\/blog\/21e-patch-qutenza\/qutenza-21\/\" data-orig-file=\"https:\/\/www.philippeau.eu\/blog\/wp-content\/uploads\/2018\/07\/Qutenza-21.jpg\" data-orig-size=\"600,800\" data-comments-opened=\"1\" data-image-meta=\"{&quot;aperture&quot;:&quot;0&quot;,&quot;credit&quot;:&quot;&quot;,&quot;camera&quot;:&quot;&quot;,&quot;caption&quot;:&quot;&quot;,&quot;created_timestamp&quot;:&quot;0&quot;,&quot;copyright&quot;:&quot;&quot;,&quot;focal_length&quot;:&quot;0&quot;,&quot;iso&quot;:&quot;0&quot;,&quot;shutter_speed&quot;:&quot;0&quot;,&quot;title&quot;:&quot;&quot;,&quot;orientation&quot;:&quot;0&quot;}\" data-image-title=\"21e patch Qutenza\" data-image-description=\"&lt;p&gt;21e patch Qutenza&lt;\/p&gt;\n\" data-image-caption=\"&lt;p&gt;21e patch Qutenza&lt;\/p&gt;\n\" data-large-file=\"https:\/\/www.philippeau.eu\/blog\/wp-content\/uploads\/2018\/07\/Qutenza-21.jpg\" class=\"wp-image-17002 size-medium\" title=\"21e patch Qutenza\" src=\"http:\/\/www.philippeau.eu\/blog\/wp-content\/uploads\/2018\/07\/Qutenza-21-225x300.jpg\" alt=\"21e patch Qutenza\" width=\"225\" height=\"300\" srcset=\"https:\/\/www.philippeau.eu\/blog\/wp-content\/uploads\/2018\/07\/Qutenza-21-225x300.jpg 225w, https:\/\/www.philippeau.eu\/blog\/wp-content\/uploads\/2018\/07\/Qutenza-21.jpg 600w\" sizes=\"auto, (max-width: 225px) 100vw, 225px\" \/><\/a><figcaption id=\"caption-attachment-17002\" class=\"wp-caption-text\">21e patch Qutenza<\/figcaption><\/figure>\n<p>Depuis un moment j&rsquo;essaie de faire programmer chaque nouveau patch toutes les dix semaines. Un intervalle qui permet en principe de ne plus avoir d&rsquo;interruption dans l&rsquo;efficacit\u00e9 des patchs. Je suis rest\u00e9 pendant longtemps avec un intervalle de douze semaines entre les patchs, mais il y avait des p\u00e9riodes de deux ou trois semaines sans effet sur les douleurs. J&rsquo;ai essay\u00e9 une fois un intervalle de huit semaines, mais alors que le patch pr\u00e9c\u00e9dent faisait encore effet, cela a r\u00e9veill\u00e9 fortement la douleur pendant deux semaines. Dix semaines d&rsquo;intervalle semble donc ce qui me convient le mieux.<\/p>\n<h2>De plus en plus d&rsquo;applications<\/h2>\n<p>Cons\u00e9quence du succ\u00e8s de ces patchs, il y a de plus en plus d&rsquo;applications en ambulatoire au <a href=\"http:\/\/www.ico-cancer.fr\/l-ico\/un-institut-deux-sites\/ico-site-paul-papin\/venir-a-l-ico-site-paul-papin\/\" target=\"_blank\" rel=\"noopener\">centre Paul Papin d&rsquo;Angers<\/a>. R\u00e9sultat je n&rsquo;ai pas r\u00e9ussi \u00e0 avoir rendez-vous mieux que onze semaines apr\u00e8s <a href=\"http:\/\/www.philippeau.eu\/blog\/qutenza-17e-patch\/\" target=\"_blank\" rel=\"noopener\">le pr\u00e9c\u00e9dant<\/a> pour ce 21e patch. Immanquablement alors que depuis le 20 juin, gr\u00e2ce au beau temps et \u00e0 la chaleur j&rsquo;\u00e9tais dans une tr\u00e8s bonne p\u00e9riode, l&rsquo;intensit\u00e9 des douleurs a augment\u00e9. Cette derni\u00e8re semaine a \u00e9t\u00e9 plus compliqu\u00e9e avec des puissantes crises d&rsquo;allodynie. L&rsquo;allodynie, voil\u00e0 bien une douleur impossible \u00e0 imaginer et comprendre lorsque l&rsquo;on n&rsquo;a jamais \u00e9t\u00e9 atteint sois-m\u00eame. Je n&rsquo;ose m\u00eame plus essayer de l&rsquo;expliquer tant je suis persuad\u00e9 que mes interlocuteurs pensent que j&rsquo;exag\u00e8re vraiment.<\/p>\n<p>Voil\u00e0 pour ce patch, le prochain est programm\u00e9 le jeudi 27 septembre. J&rsquo;esp\u00e8re bien entre temps me forcer \u00e0 \u00e9crire pour t\u00e9moigner des probl\u00e8mes rencontr\u00e9s dans ma vie apr\u00e8s cancer. Je vous dit donc \u00e0 bient\u00f4t peut-\u00eatre.<\/p>\n<p>&nbsp;<\/p>\n","protected":false},"excerpt":{"rendered":"<p>21e patch Qutenza Hier jeudi 19 juillet 2018, j&rsquo;ai eu droit \u00e0 l&rsquo;application de mon 21e patch Qutenza.<\/p>\n","protected":false},"author":1,"featured_media":113,"comment_status":"open","ping_status":"closed","sticky":false,"template":"","format":"standard","meta":{"jetpack_post_was_ever_published":false,"_jetpack_newsletter_access":"","_jetpack_dont_email_post_to_subs":false,"_jetpack_newsletter_tier_id":0,"_jetpack_memberships_contains_paywalled_content":false,"_jetpack_memberships_contains_paid_content":false,"footnotes":""},"categories":[54],"tags":[55,63,56],"class_list":["post-16958","post","type-post","status-publish","format-standard","has-post-thumbnail","hentry","category-douleurs-neuropathiques-peripheriques","tag-douleurs-neuropathiques-peripheriques-2","tag-patch","tag-qutenza"],"yoast_head":"<!-- This site is optimized with the Yoast SEO plugin v27.5 - https:\/\/yoast.com\/product\/yoast-seo-wordpress\/ -->\n<title>21e patch Qutenza<\/title>\n<meta name=\"description\" content=\"Ce jeudi 19-07-2018 j&#039;ai eu droit \u00e0 l&#039;application de mon 21e patch Qutenza. Ces patchs aident a diminuer les douleurs neuropathiques.\" \/>\n<meta name=\"robots\" content=\"index, follow, max-snippet:-1, max-image-preview:large, max-video-preview:-1\" \/>\n<link rel=\"canonical\" href=\"https:\/\/www.philippeau.eu\/blog\/21e-patch-qutenza\/\" \/>\n<meta property=\"og:locale\" content=\"fr_FR\" \/>\n<meta property=\"og:type\" content=\"article\" \/>\n<meta property=\"og:title\" content=\"21e patch Qutenza\" \/>\n<meta property=\"og:description\" content=\"Ce jeudi 19-07-2018 j&#039;ai eu droit \u00e0 l&#039;application de mon 21e patch Qutenza. Ces patchs aident a diminuer les douleurs neuropathiques.\" \/>\n<meta property=\"og:url\" content=\"https:\/\/www.philippeau.eu\/blog\/21e-patch-qutenza\/\" \/>\n<meta property=\"og:site_name\" content=\"philippeau.eu\" \/>\n<meta property=\"article:publisher\" content=\"https:\/\/www.facebook.com\/laurent.philippeau\" \/>\n<meta property=\"article:author\" content=\"https:\/\/www.facebook.com\/laurent.philippeau\" \/>\n<meta property=\"article:published_time\" content=\"2018-07-21T02:01:44+00:00\" \/>\n<meta property=\"article:modified_time\" content=\"2018-07-21T02:09:15+00:00\" \/>\n<meta property=\"og:image\" content=\"https:\/\/www.philippeau.eu\/blog\/wp-content\/uploads\/2014\/11\/Qutenza.jpg\" \/>\n\t<meta property=\"og:image:width\" content=\"672\" \/>\n\t<meta property=\"og:image:height\" content=\"248\" \/>\n\t<meta property=\"og:image:type\" content=\"image\/jpeg\" \/>\n<meta name=\"author\" content=\"Laurent\" \/>\n<meta name=\"twitter:card\" content=\"summary_large_image\" \/>\n<meta name=\"twitter:label1\" content=\"\u00c9crit par\" \/>\n\t<meta name=\"twitter:data1\" content=\"Laurent\" \/>\n\t<meta name=\"twitter:label2\" content=\"Dur\u00e9e de lecture estim\u00e9e\" \/>\n\t<meta name=\"twitter:data2\" content=\"2 minutes\" \/>\n<script type=\"application\/ld+json\" class=\"yoast-schema-graph\">{\"@context\":\"https:\\\/\\\/schema.org\",\"@graph\":[{\"@type\":\"Article\",\"@id\":\"https:\\\/\\\/www.philippeau.eu\\\/blog\\\/21e-patch-qutenza\\\/#article\",\"isPartOf\":{\"@id\":\"https:\\\/\\\/www.philippeau.eu\\\/blog\\\/21e-patch-qutenza\\\/\"},\"author\":{\"name\":\"Laurent\",\"@id\":\"https:\\\/\\\/www.philippeau.eu\\\/blog\\\/#\\\/schema\\\/person\\\/d0321ac69485a2fa34a86270145a4038\"},\"headline\":\"21e patch Qutenza\",\"datePublished\":\"2018-07-21T02:01:44+00:00\",\"dateModified\":\"2018-07-21T02:09:15+00:00\",\"mainEntityOfPage\":{\"@id\":\"https:\\\/\\\/www.philippeau.eu\\\/blog\\\/21e-patch-qutenza\\\/\"},\"wordCount\":398,\"commentCount\":0,\"publisher\":{\"@id\":\"https:\\\/\\\/www.philippeau.eu\\\/blog\\\/#\\\/schema\\\/person\\\/d0321ac69485a2fa34a86270145a4038\"},\"image\":{\"@id\":\"https:\\\/\\\/www.philippeau.eu\\\/blog\\\/21e-patch-qutenza\\\/#primaryimage\"},\"thumbnailUrl\":\"https:\\\/\\\/www.philippeau.eu\\\/blog\\\/wp-content\\\/uploads\\\/2014\\\/11\\\/Qutenza.jpg\",\"keywords\":[\"douleurs neuropathiques p\u00e9riph\u00e9riques\",\"patch\",\"Qutenza\"],\"articleSection\":[\"Douleurs neuropathiques p\u00e9riph\u00e9riques\"],\"inLanguage\":\"fr-FR\",\"potentialAction\":[{\"@type\":\"CommentAction\",\"name\":\"Comment\",\"target\":[\"https:\\\/\\\/www.philippeau.eu\\\/blog\\\/21e-patch-qutenza\\\/#respond\"]}]},{\"@type\":\"WebPage\",\"@id\":\"https:\\\/\\\/www.philippeau.eu\\\/blog\\\/21e-patch-qutenza\\\/\",\"url\":\"https:\\\/\\\/www.philippeau.eu\\\/blog\\\/21e-patch-qutenza\\\/\",\"name\":\"21e patch Qutenza\",\"isPartOf\":{\"@id\":\"https:\\\/\\\/www.philippeau.eu\\\/blog\\\/#website\"},\"primaryImageOfPage\":{\"@id\":\"https:\\\/\\\/www.philippeau.eu\\\/blog\\\/21e-patch-qutenza\\\/#primaryimage\"},\"image\":{\"@id\":\"https:\\\/\\\/www.philippeau.eu\\\/blog\\\/21e-patch-qutenza\\\/#primaryimage\"},\"thumbnailUrl\":\"https:\\\/\\\/www.philippeau.eu\\\/blog\\\/wp-content\\\/uploads\\\/2014\\\/11\\\/Qutenza.jpg\",\"datePublished\":\"2018-07-21T02:01:44+00:00\",\"dateModified\":\"2018-07-21T02:09:15+00:00\",\"description\":\"Ce jeudi 19-07-2018 j'ai eu droit \u00e0 l'application de mon 21e patch Qutenza. Ces patchs aident a diminuer les douleurs neuropathiques.\",\"breadcrumb\":{\"@id\":\"https:\\\/\\\/www.philippeau.eu\\\/blog\\\/21e-patch-qutenza\\\/#breadcrumb\"},\"inLanguage\":\"fr-FR\",\"potentialAction\":[{\"@type\":\"ReadAction\",\"target\":[\"https:\\\/\\\/www.philippeau.eu\\\/blog\\\/21e-patch-qutenza\\\/\"]}]},{\"@type\":\"ImageObject\",\"inLanguage\":\"fr-FR\",\"@id\":\"https:\\\/\\\/www.philippeau.eu\\\/blog\\\/21e-patch-qutenza\\\/#primaryimage\",\"url\":\"https:\\\/\\\/www.philippeau.eu\\\/blog\\\/wp-content\\\/uploads\\\/2014\\\/11\\\/Qutenza.jpg\",\"contentUrl\":\"https:\\\/\\\/www.philippeau.eu\\\/blog\\\/wp-content\\\/uploads\\\/2014\\\/11\\\/Qutenza.jpg\",\"width\":672,\"height\":248,\"caption\":\"Qutenza, patch de capsa\u00efcine \u00e0 8%\"},{\"@type\":\"BreadcrumbList\",\"@id\":\"https:\\\/\\\/www.philippeau.eu\\\/blog\\\/21e-patch-qutenza\\\/#breadcrumb\",\"itemListElement\":[{\"@type\":\"ListItem\",\"position\":1,\"name\":\"Accueil\",\"item\":\"https:\\\/\\\/www.philippeau.eu\\\/blog\\\/\"},{\"@type\":\"ListItem\",\"position\":2,\"name\":\"21e patch Qutenza\"}]},{\"@type\":\"WebSite\",\"@id\":\"https:\\\/\\\/www.philippeau.eu\\\/blog\\\/#website\",\"url\":\"https:\\\/\\\/www.philippeau.eu\\\/blog\\\/\",\"name\":\"philippeau.eu\",\"description\":\"\",\"publisher\":{\"@id\":\"https:\\\/\\\/www.philippeau.eu\\\/blog\\\/#\\\/schema\\\/person\\\/d0321ac69485a2fa34a86270145a4038\"},\"potentialAction\":[{\"@type\":\"SearchAction\",\"target\":{\"@type\":\"EntryPoint\",\"urlTemplate\":\"https:\\\/\\\/www.philippeau.eu\\\/blog\\\/?s={search_term_string}\"},\"query-input\":{\"@type\":\"PropertyValueSpecification\",\"valueRequired\":true,\"valueName\":\"search_term_string\"}}],\"inLanguage\":\"fr-FR\"},{\"@type\":[\"Person\",\"Organization\"],\"@id\":\"https:\\\/\\\/www.philippeau.eu\\\/blog\\\/#\\\/schema\\\/person\\\/d0321ac69485a2fa34a86270145a4038\",\"name\":\"Laurent\",\"image\":{\"@type\":\"ImageObject\",\"inLanguage\":\"fr-FR\",\"@id\":\"https:\\\/\\\/www.philippeau.eu\\\/blog\\\/wp-content\\\/uploads\\\/2020\\\/11\\\/cropped-PL_logo_initiales_img.png\",\"url\":\"https:\\\/\\\/www.philippeau.eu\\\/blog\\\/wp-content\\\/uploads\\\/2020\\\/11\\\/cropped-PL_logo_initiales_img.png\",\"contentUrl\":\"https:\\\/\\\/www.philippeau.eu\\\/blog\\\/wp-content\\\/uploads\\\/2020\\\/11\\\/cropped-PL_logo_initiales_img.png\",\"width\":512,\"height\":512,\"caption\":\"Laurent\"},\"logo\":{\"@id\":\"https:\\\/\\\/www.philippeau.eu\\\/blog\\\/wp-content\\\/uploads\\\/2020\\\/11\\\/cropped-PL_logo_initiales_img.png\"},\"description\":\"Propri\u00e9taire et webmaster du site www.philippeau.eu\",\"sameAs\":[\"https:\\\/\\\/www.philippeau.eu\",\"https:\\\/\\\/www.facebook.com\\\/laurent.philippeau\",\"https:\\\/\\\/www.youtube.com\\\/channel\\\/UCgwFBEt9Dv03TyDiBPNGL-Q\"],\"url\":\"https:\\\/\\\/www.philippeau.eu\\\/blog\\\/author\\\/webmasterphilippeau\\\/\"}]}<\/script>\n<!-- \/ Yoast SEO plugin. -->","yoast_head_json":{"title":"21e patch Qutenza","description":"Ce jeudi 19-07-2018 j'ai eu droit \u00e0 l'application de mon 21e patch Qutenza. Ces patchs aident a diminuer les douleurs neuropathiques.","robots":{"index":"index","follow":"follow","max-snippet":"max-snippet:-1","max-image-preview":"max-image-preview:large","max-video-preview":"max-video-preview:-1"},"canonical":"https:\/\/www.philippeau.eu\/blog\/21e-patch-qutenza\/","og_locale":"fr_FR","og_type":"article","og_title":"21e patch Qutenza","og_description":"Ce jeudi 19-07-2018 j'ai eu droit \u00e0 l'application de mon 21e patch Qutenza. Ces patchs aident a diminuer les douleurs neuropathiques.","og_url":"https:\/\/www.philippeau.eu\/blog\/21e-patch-qutenza\/","og_site_name":"philippeau.eu","article_publisher":"https:\/\/www.facebook.com\/laurent.philippeau","article_author":"https:\/\/www.facebook.com\/laurent.philippeau","article_published_time":"2018-07-21T02:01:44+00:00","article_modified_time":"2018-07-21T02:09:15+00:00","og_image":[{"width":672,"height":248,"url":"https:\/\/www.philippeau.eu\/blog\/wp-content\/uploads\/2014\/11\/Qutenza.jpg","type":"image\/jpeg"}],"author":"Laurent","twitter_card":"summary_large_image","twitter_misc":{"\u00c9crit par":"Laurent","Dur\u00e9e de lecture estim\u00e9e":"2 minutes"},"schema":{"@context":"https:\/\/schema.org","@graph":[{"@type":"Article","@id":"https:\/\/www.philippeau.eu\/blog\/21e-patch-qutenza\/#article","isPartOf":{"@id":"https:\/\/www.philippeau.eu\/blog\/21e-patch-qutenza\/"},"author":{"name":"Laurent","@id":"https:\/\/www.philippeau.eu\/blog\/#\/schema\/person\/d0321ac69485a2fa34a86270145a4038"},"headline":"21e patch Qutenza","datePublished":"2018-07-21T02:01:44+00:00","dateModified":"2018-07-21T02:09:15+00:00","mainEntityOfPage":{"@id":"https:\/\/www.philippeau.eu\/blog\/21e-patch-qutenza\/"},"wordCount":398,"commentCount":0,"publisher":{"@id":"https:\/\/www.philippeau.eu\/blog\/#\/schema\/person\/d0321ac69485a2fa34a86270145a4038"},"image":{"@id":"https:\/\/www.philippeau.eu\/blog\/21e-patch-qutenza\/#primaryimage"},"thumbnailUrl":"https:\/\/www.philippeau.eu\/blog\/wp-content\/uploads\/2014\/11\/Qutenza.jpg","keywords":["douleurs neuropathiques p\u00e9riph\u00e9riques","patch","Qutenza"],"articleSection":["Douleurs neuropathiques p\u00e9riph\u00e9riques"],"inLanguage":"fr-FR","potentialAction":[{"@type":"CommentAction","name":"Comment","target":["https:\/\/www.philippeau.eu\/blog\/21e-patch-qutenza\/#respond"]}]},{"@type":"WebPage","@id":"https:\/\/www.philippeau.eu\/blog\/21e-patch-qutenza\/","url":"https:\/\/www.philippeau.eu\/blog\/21e-patch-qutenza\/","name":"21e patch Qutenza","isPartOf":{"@id":"https:\/\/www.philippeau.eu\/blog\/#website"},"primaryImageOfPage":{"@id":"https:\/\/www.philippeau.eu\/blog\/21e-patch-qutenza\/#primaryimage"},"image":{"@id":"https:\/\/www.philippeau.eu\/blog\/21e-patch-qutenza\/#primaryimage"},"thumbnailUrl":"https:\/\/www.philippeau.eu\/blog\/wp-content\/uploads\/2014\/11\/Qutenza.jpg","datePublished":"2018-07-21T02:01:44+00:00","dateModified":"2018-07-21T02:09:15+00:00","description":"Ce jeudi 19-07-2018 j'ai eu droit \u00e0 l'application de mon 21e patch Qutenza. Ces patchs aident a diminuer les douleurs neuropathiques.","breadcrumb":{"@id":"https:\/\/www.philippeau.eu\/blog\/21e-patch-qutenza\/#breadcrumb"},"inLanguage":"fr-FR","potentialAction":[{"@type":"ReadAction","target":["https:\/\/www.philippeau.eu\/blog\/21e-patch-qutenza\/"]}]},{"@type":"ImageObject","inLanguage":"fr-FR","@id":"https:\/\/www.philippeau.eu\/blog\/21e-patch-qutenza\/#primaryimage","url":"https:\/\/www.philippeau.eu\/blog\/wp-content\/uploads\/2014\/11\/Qutenza.jpg","contentUrl":"https:\/\/www.philippeau.eu\/blog\/wp-content\/uploads\/2014\/11\/Qutenza.jpg","width":672,"height":248,"caption":"Qutenza, patch de capsa\u00efcine \u00e0 8%"},{"@type":"BreadcrumbList","@id":"https:\/\/www.philippeau.eu\/blog\/21e-patch-qutenza\/#breadcrumb","itemListElement":[{"@type":"ListItem","position":1,"name":"Accueil","item":"https:\/\/www.philippeau.eu\/blog\/"},{"@type":"ListItem","position":2,"name":"21e patch Qutenza"}]},{"@type":"WebSite","@id":"https:\/\/www.philippeau.eu\/blog\/#website","url":"https:\/\/www.philippeau.eu\/blog\/","name":"philippeau.eu","description":"","publisher":{"@id":"https:\/\/www.philippeau.eu\/blog\/#\/schema\/person\/d0321ac69485a2fa34a86270145a4038"},"potentialAction":[{"@type":"SearchAction","target":{"@type":"EntryPoint","urlTemplate":"https:\/\/www.philippeau.eu\/blog\/?s={search_term_string}"},"query-input":{"@type":"PropertyValueSpecification","valueRequired":true,"valueName":"search_term_string"}}],"inLanguage":"fr-FR"},{"@type":["Person","Organization"],"@id":"https:\/\/www.philippeau.eu\/blog\/#\/schema\/person\/d0321ac69485a2fa34a86270145a4038","name":"Laurent","image":{"@type":"ImageObject","inLanguage":"fr-FR","@id":"https:\/\/www.philippeau.eu\/blog\/wp-content\/uploads\/2020\/11\/cropped-PL_logo_initiales_img.png","url":"https:\/\/www.philippeau.eu\/blog\/wp-content\/uploads\/2020\/11\/cropped-PL_logo_initiales_img.png","contentUrl":"https:\/\/www.philippeau.eu\/blog\/wp-content\/uploads\/2020\/11\/cropped-PL_logo_initiales_img.png","width":512,"height":512,"caption":"Laurent"},"logo":{"@id":"https:\/\/www.philippeau.eu\/blog\/wp-content\/uploads\/2020\/11\/cropped-PL_logo_initiales_img.png"},"description":"Propri\u00e9taire et webmaster du site www.philippeau.eu","sameAs":["https:\/\/www.philippeau.eu","https:\/\/www.facebook.com\/laurent.philippeau","https:\/\/www.youtube.com\/channel\/UCgwFBEt9Dv03TyDiBPNGL-Q"],"url":"https:\/\/www.philippeau.eu\/blog\/author\/webmasterphilippeau\/"}]}},"jetpack_featured_media_url":"https:\/\/www.philippeau.eu\/blog\/wp-content\/uploads\/2014\/11\/Qutenza.jpg","jetpack_sharing_enabled":true,"jetpack_likes_enabled":true,"_links":{"self":[{"href":"https:\/\/www.philippeau.eu\/blog\/wp-json\/wp\/v2\/posts\/16958","targetHints":{"allow":["GET"]}}],"collection":[{"href":"https:\/\/www.philippeau.eu\/blog\/wp-json\/wp\/v2\/posts"}],"about":[{"href":"https:\/\/www.philippeau.eu\/blog\/wp-json\/wp\/v2\/types\/post"}],"author":[{"embeddable":true,"href":"https:\/\/www.philippeau.eu\/blog\/wp-json\/wp\/v2\/users\/1"}],"replies":[{"embeddable":true,"href":"https:\/\/www.philippeau.eu\/blog\/wp-json\/wp\/v2\/comments?post=16958"}],"version-history":[{"count":2,"href":"https:\/\/www.philippeau.eu\/blog\/wp-json\/wp\/v2\/posts\/16958\/revisions"}],"predecessor-version":[{"id":17116,"href":"https:\/\/www.philippeau.eu\/blog\/wp-json\/wp\/v2\/posts\/16958\/revisions\/17116"}],"wp:featuredmedia":[{"embeddable":true,"href":"https:\/\/www.philippeau.eu\/blog\/wp-json\/wp\/v2\/media\/113"}],"wp:attachment":[{"href":"https:\/\/www.philippeau.eu\/blog\/wp-json\/wp\/v2\/media?parent=16958"}],"wp:term":[{"taxonomy":"category","embeddable":true,"href":"https:\/\/www.philippeau.eu\/blog\/wp-json\/wp\/v2\/categories?post=16958"},{"taxonomy":"post_tag","embeddable":true,"href":"https:\/\/www.philippeau.eu\/blog\/wp-json\/wp\/v2\/tags?post=16958"}],"curies":[{"name":"wp","href":"https:\/\/api.w.org\/{rel}","templated":true}]}}